{"id":2653,"date":"2026-04-28T16:23:17","date_gmt":"2026-04-28T16:23:17","guid":{"rendered":"https:\/\/freieungarischebotschaft.de\/?p=2653"},"modified":"2026-04-28T16:47:59","modified_gmt":"2026-04-28T16:47:59","slug":"nertotlenito-buli","status":"publish","type":"post","link":"https:\/\/freieungarischebotschaft.de\/en\/nertotlenito-buli","title":{"rendered":"Day of Liberation from Orbanism"},"content":{"rendered":"\n<p>On 9 May, Hungary&#8217;s new parliament convenes and elects a new government. That makes 8 May the last day Viktor Orb\u00e1n and his government will hold office. We are celebrating that in Berlin: together, loudly, and cathartically.<\/p>\n\n\n\n<p>The Freie Ungarische Botschaft warmly invites everyone who has fought, organised, hoped, and sometimes despaired over the past years: activists, supporters, partner organisations, diaspora communities from across the region, politicians and journalists alike. Roundtable discussions will help us reckon with the past and look towards the future \u2013 with politicians and representatives of diaspora organisations from across the Central and Eastern European region. Write down the biggest sins of the Orb\u00e1n regime and throw them onto the bonfire. Draw Orb\u00e1n, M\u00e9sz\u00e1ros, or any other of their accomplices and lock them behind bars. We will also have a fire juggling show and a meme exhibition. The event is family-friendly, with dedicated activities for children. We end the evening with music and dancing.<\/p>\n\n\n\n<p>We look forward to seeing you on <strong>Friday, 8 May from 16:00<\/strong> at <a href=\"https:\/\/bauhuette-kreuzberg.de\/\">Bauh\u00fctte Kreuzberg<\/a>.<\/p>\n\n\n\n<p><strong>Friedrichstra\u00dfe 18\/19, 10969 Berlin<\/strong><\/p>\n\n\n\n<p>Drinks against donations, bring your own food, free entry. Registration requested:<\/p>\n\n\n\n<iframe loading=\"lazy\" src=\"https:\/\/docs.google.com\/forms\/d\/e\/1FAIpQLSfk7YmFCE2EyOYR93KkyzZOmgomGlNOyNH9aMnt6rlURFeJKg\/viewform?embedded=true\" width=\"640\" height=\"1575\" frameborder=\"0\" marginheight=\"0\" marginwidth=\"0\">Loading\u2026<\/iframe>\n","protected":false},"excerpt":{"rendered":"<p>A collective trauma-healing celebration on Viktor Orb\u00e1n\u2019s last day in office \u2013 8 May 2026, from 16:00 at Bauh\u00fctte Kreuzberg<\/p>\n","protected":false},"author":8,"featured_media":2639,"comment_status":"closed","ping_status":"closed","sticky":false,"template":"","format":"standard","meta":{"footnotes":""},"categories":[3],"tags":[],"class_list":["post-2653","post","type-post","status-publish","format-standard","has-post-thumbnail","hentry","category-rendezvenyek"],"_links":{"self":[{"href":"https:\/\/freieungarischebotschaft.de\/en\/wp-json\/wp\/v2\/posts\/2653","targetHints":{"allow":["GET"]}}],"collection":[{"href":"https:\/\/freieungarischebotschaft.de\/en\/wp-json\/wp\/v2\/posts"}],"about":[{"href":"https:\/\/freieungarischebotschaft.de\/en\/wp-json\/wp\/v2\/types\/post"}],"author":[{"embeddable":true,"href":"https:\/\/freieungarischebotschaft.de\/en\/wp-json\/wp\/v2\/users\/8"}],"replies":[{"embeddable":true,"href":"https:\/\/freieungarischebotschaft.de\/en\/wp-json\/wp\/v2\/comments?post=2653"}],"version-history":[{"count":11,"href":"https:\/\/freieungarischebotschaft.de\/en\/wp-json\/wp\/v2\/posts\/2653\/revisions"}],"predecessor-version":[{"id":2664,"href":"https:\/\/freieungarischebotschaft.de\/en\/wp-json\/wp\/v2\/posts\/2653\/revisions\/2664"}],"wp:featuredmedia":[{"embeddable":true,"href":"https:\/\/freieungarischebotschaft.de\/en\/wp-json\/wp\/v2\/media\/2639"}],"wp:attachment":[{"href":"https:\/\/freieungarischebotschaft.de\/en\/wp-json\/wp\/v2\/media?parent=2653"}],"wp:term":[{"taxonomy":"category","embeddable":true,"href":"https:\/\/freieungarischebotschaft.de\/en\/wp-json\/wp\/v2\/categories?post=2653"},{"taxonomy":"post_tag","embeddable":true,"href":"https:\/\/freieungarischebotschaft.de\/en\/wp-json\/wp\/v2\/tags?post=2653"}],"curies":[{"name":"wp","href":"https:\/\/api.w.org\/{rel}","templated":true}]}}